{"id":666,"date":"2025-01-23T06:31:18","date_gmt":"2025-01-23T05:31:18","guid":{"rendered":"https:\/\/www.fotoklubostrava.cz\/fo\/?p=666"},"modified":"2025-01-23T17:47:12","modified_gmt":"2025-01-23T16:47:12","slug":"fotoklub-ostrava-ma-40-let","status":"publish","type":"post","link":"https:\/\/www.fotoklubostrava.cz\/fo\/2025\/01\/23\/fotoklub-ostrava-ma-40-let\/","title":{"rendered":"Bl\u00ed\u017ei se 40 let Fotoklubu Ostrava"},"content":{"rendered":"\n<p>Fotoklub Ostrava v roce 2025 oslav\u00ed 40 let sv\u00e9 existence. K t\u00e9to p\u0159\u00edle\u017eitosti p\u0159ipravujeme v\u00fdstavu fotografi\u00ed v Galerii Gong a vyd\u00e1n\u00ed v\u00fdro\u010dn\u00ed Fotoklubov\u00e9 fotografick\u00e9 knihy.<\/p>\n\n\n\n<p>P\u0159e\u010dt\u011bte si v\u00edce informa\u0107i ke <a href=\"https:\/\/www.fotoklubostrava.cz\/fo\/40-let\/\" data-type=\"page\" data-id=\"675\">40 let\u016fm Fotoklubu Ostrava<\/a><\/p>\n","protected":false},"excerpt":{"rendered":"<p>Fotoklub Ostrava v roce 2025 oslav\u00ed 40 let sv\u00e9 existence. K t\u00e9to p\u0159\u00edle\u017eitosti p\u0159ipravujeme v\u00fdstavu fotografi\u00ed v Galerii Gong a vyd\u00e1n\u00ed v\u00fdro\u010dn\u00ed Fotoklubov\u00e9 fotografick\u00e9 knihy. P\u0159e\u010dt\u011bte si v\u00edce informa\u0107i ke 40 let\u016fm Fotoklubu Ostrava<\/p>\n","protected":false},"author":1,"featured_media":0,"comment_status":"closed","ping_status":"closed","sticky":false,"template":"","format":"standard","meta":{"footnotes":""},"categories":[5],"tags":[],"class_list":["post-666","post","type-post","status-publish","format-standard","hentry","category-aktuality"],"_links":{"self":[{"href":"https:\/\/www.fotoklubostrava.cz\/fo\/wp-json\/wp\/v2\/posts\/666","targetHints":{"allow":["GET"]}}],"collection":[{"href":"https:\/\/www.fotoklubostrava.cz\/fo\/wp-json\/wp\/v2\/posts"}],"about":[{"href":"https:\/\/www.fotoklubostrava.cz\/fo\/wp-json\/wp\/v2\/types\/post"}],"author":[{"embeddable":true,"href":"https:\/\/www.fotoklubostrava.cz\/fo\/wp-json\/wp\/v2\/users\/1"}],"replies":[{"embeddable":true,"href":"https:\/\/www.fotoklubostrava.cz\/fo\/wp-json\/wp\/v2\/comments?post=666"}],"version-history":[{"count":3,"href":"https:\/\/www.fotoklubostrava.cz\/fo\/wp-json\/wp\/v2\/posts\/666\/revisions"}],"predecessor-version":[{"id":723,"href":"https:\/\/www.fotoklubostrava.cz\/fo\/wp-json\/wp\/v2\/posts\/666\/revisions\/723"}],"wp:attachment":[{"href":"https:\/\/www.fotoklubostrava.cz\/fo\/wp-json\/wp\/v2\/media?parent=666"}],"wp:term":[{"taxonomy":"category","embeddable":true,"href":"https:\/\/www.fotoklubostrava.cz\/fo\/wp-json\/wp\/v2\/categories?post=666"},{"taxonomy":"post_tag","embeddable":true,"href":"https:\/\/www.fotoklubostrava.cz\/fo\/wp-json\/wp\/v2\/tags?post=666"}],"curies":[{"name":"wp","href":"https:\/\/api.w.org\/{rel}","templated":true}]}}