{"id":621,"date":"2024-09-11T19:20:27","date_gmt":"2024-09-11T17:20:27","guid":{"rendered":"https:\/\/www.fotoklubostrava.cz\/fo\/?p=621"},"modified":"2024-09-12T12:21:31","modified_gmt":"2024-09-12T10:21:31","slug":"621","status":"publish","type":"post","link":"https:\/\/www.fotoklubostrava.cz\/fo\/2024\/09\/11\/621\/","title":{"rendered":"V\u00fdstava na FNO v Ostrav\u011b-Porub\u011b"},"content":{"rendered":"\n<p>Od z\u00e1\u0159\u00ed vystavuj\u00ed n\u011bkte\u0159\u00ed \u010dlenov\u00e9 Fotoklubu Ostrava sv\u00e9 fotografie v&nbsp;p\u0159\u00edstupn\u00fdch prostorech Onkologick\u00e9 kliniky FNO, v&nbsp;Galerii Lotos. Jedn\u00e1 se o prvn\u00ed kontakt a v&nbsp;podstat\u011b nejde o v\u00fdstavu v&nbsp;prav\u00e9m slova smyslu. Akce je pojata jako jist\u00e1 forma odleh\u010den\u00ed a odpout\u00e1n\u00ed se od reality je\u017e m\u00e1 pomoci pacient\u016fm v&nbsp;jejich nelehk\u00e9 \u017eivotn\u00ed situaci.<\/p>\n\n\n\n<p>K&nbsp;mo\u017enosti vystavit zde fotografie do\u0161lo p\u0159i setk\u00e1n\u00ed \u010dlena fotoklubu M. Pokorn\u00e9ho s&nbsp;pan\u00ed K. Tich\u00e1nkovou, z&nbsp;organizace \u201eU\u017e\u00edvej \u017eivota\u201c, je\u017e m\u00e1 tuto \u010dinnost na starosti a kter\u00e1 bude fotografie postupn\u011b p\u0159em\u00eds\u0165ovat do dal\u0161\u00edch prostor\u016f Galerie Lotos v budov\u011b Onkologick\u00e9 kliniky do konce roku 2024.<\/p>\n\n\n\n<p>V sou\u010dasn\u00e9 dob\u011b zde vystavuj\u00ed Franti\u0161ek Havl\u00ed\u010dek, Iveta Mutinov\u00e1, Eduard Pa\u0161ek a Miroslav Pokorn\u00fd.<\/p>\n\n\n\n<p>F. Havl\u00ed\u010dek<\/p>\n\n\n\n<p>Ostrava 11.9.2024<\/p>\n\n\n\n<div class=\"wp-block-group is-layout-constrained wp-block-group-is-layout-constrained\">\n<div class=\"wp-block-columns is-layout-flex wp-container-core-columns-is-layout-28f84493 wp-block-columns-is-layout-flex\">\n<div class=\"wp-block-column is-layout-flow wp-block-column-is-layout-flow\" style=\"flex-basis:100%\">\n<figure class=\"wp-block-gallery has-nested-images columns-2 is-cropped wp-block-gallery-1 is-layout-flex wp-block-gallery-is-layout-flex\">\n<figure class=\"wp-block-image size-large\"><img loading=\"lazy\" decoding=\"async\" width=\"1024\" height=\"683\" data-id=\"643\" src=\"https:\/\/www.fotoklubostrava.cz\/fo\/wp-content\/uploads\/2024\/09\/Chodba-1-1024x683.jpg\" alt=\"\" class=\"wp-image-643\" srcset=\"https:\/\/www.fotoklubostrava.cz\/fo\/wp-content\/uploads\/2024\/09\/Chodba-1-1024x683.jpg 1024w, https:\/\/www.fotoklubostrava.cz\/fo\/wp-content\/uploads\/2024\/09\/Chodba-1-300x200.jpg 300w, https:\/\/www.fotoklubostrava.cz\/fo\/wp-content\/uploads\/2024\/09\/Chodba-1-768x512.jpg 768w, https:\/\/www.fotoklubostrava.cz\/fo\/wp-content\/uploads\/2024\/09\/Chodba-1.jpg 1536w\" sizes=\"auto, (max-width: 1024px) 100vw, 1024px\" \/><\/figure>\n\n\n\n<figure class=\"wp-block-image size-large\"><img loading=\"lazy\" decoding=\"async\" width=\"1024\" height=\"683\" data-id=\"652\" src=\"https:\/\/www.fotoklubostrava.cz\/fo\/wp-content\/uploads\/2024\/09\/Chodba-2-1024x683.jpg\" alt=\"\" class=\"wp-image-652\" srcset=\"https:\/\/www.fotoklubostrava.cz\/fo\/wp-content\/uploads\/2024\/09\/Chodba-2-1024x683.jpg 1024w, https:\/\/www.fotoklubostrava.cz\/fo\/wp-content\/uploads\/2024\/09\/Chodba-2-300x200.jpg 300w, https:\/\/www.fotoklubostrava.cz\/fo\/wp-content\/uploads\/2024\/09\/Chodba-2-768x512.jpg 768w, https:\/\/www.fotoklubostrava.cz\/fo\/wp-content\/uploads\/2024\/09\/Chodba-2.jpg 1536w\" sizes=\"auto, (max-width: 1024px) 100vw, 1024px\" \/><\/figure>\n\n\n\n<figure class=\"wp-block-image size-large\"><img loading=\"lazy\" decoding=\"async\" width=\"1024\" height=\"683\" data-id=\"647\" src=\"https:\/\/www.fotoklubostrava.cz\/fo\/wp-content\/uploads\/2024\/09\/Chodba-3-1024x683.jpg\" alt=\"\" class=\"wp-image-647\" srcset=\"https:\/\/www.fotoklubostrava.cz\/fo\/wp-content\/uploads\/2024\/09\/Chodba-3-1024x683.jpg 1024w, https:\/\/www.fotoklubostrava.cz\/fo\/wp-content\/uploads\/2024\/09\/Chodba-3-300x200.jpg 300w, https:\/\/www.fotoklubostrava.cz\/fo\/wp-content\/uploads\/2024\/09\/Chodba-3-768x512.jpg 768w, https:\/\/www.fotoklubostrava.cz\/fo\/wp-content\/uploads\/2024\/09\/Chodba-3.jpg 1536w\" sizes=\"auto, (max-width: 1024px) 100vw, 1024px\" \/><\/figure>\n\n\n\n<figure class=\"wp-block-image size-large\"><img loading=\"lazy\" decoding=\"async\" width=\"1024\" height=\"683\" data-id=\"641\" src=\"https:\/\/www.fotoklubostrava.cz\/fo\/wp-content\/uploads\/2024\/09\/Chodba-4-1024x683.jpg\" alt=\"\" class=\"wp-image-641\" srcset=\"https:\/\/www.fotoklubostrava.cz\/fo\/wp-content\/uploads\/2024\/09\/Chodba-4-1024x683.jpg 1024w, https:\/\/www.fotoklubostrava.cz\/fo\/wp-content\/uploads\/2024\/09\/Chodba-4-300x200.jpg 300w, https:\/\/www.fotoklubostrava.cz\/fo\/wp-content\/uploads\/2024\/09\/Chodba-4-768x512.jpg 768w, https:\/\/www.fotoklubostrava.cz\/fo\/wp-content\/uploads\/2024\/09\/Chodba-4.jpg 1536w\" sizes=\"auto, (max-width: 1024px) 100vw, 1024px\" \/><\/figure>\n\n\n\n<figure class=\"wp-block-image size-large\"><img loading=\"lazy\" decoding=\"async\" width=\"1024\" height=\"683\" data-id=\"639\" src=\"https:\/\/www.fotoklubostrava.cz\/fo\/wp-content\/uploads\/2024\/09\/Chodba-5-1024x683.jpg\" alt=\"\" class=\"wp-image-639\" srcset=\"https:\/\/www.fotoklubostrava.cz\/fo\/wp-content\/uploads\/2024\/09\/Chodba-5-1024x683.jpg 1024w, https:\/\/www.fotoklubostrava.cz\/fo\/wp-content\/uploads\/2024\/09\/Chodba-5-300x200.jpg 300w, https:\/\/www.fotoklubostrava.cz\/fo\/wp-content\/uploads\/2024\/09\/Chodba-5-768x512.jpg 768w, https:\/\/www.fotoklubostrava.cz\/fo\/wp-content\/uploads\/2024\/09\/Chodba-5.jpg 1536w\" sizes=\"auto, (max-width: 1024px) 100vw, 1024px\" \/><\/figure>\n\n\n\n<figure class=\"wp-block-image size-large\"><img loading=\"lazy\" decoding=\"async\" width=\"1024\" height=\"683\" data-id=\"646\" src=\"https:\/\/www.fotoklubostrava.cz\/fo\/wp-content\/uploads\/2024\/09\/Chodba-6-1024x683.jpg\" alt=\"\" class=\"wp-image-646\" srcset=\"https:\/\/www.fotoklubostrava.cz\/fo\/wp-content\/uploads\/2024\/09\/Chodba-6-1024x683.jpg 1024w, https:\/\/www.fotoklubostrava.cz\/fo\/wp-content\/uploads\/2024\/09\/Chodba-6-300x200.jpg 300w, https:\/\/www.fotoklubostrava.cz\/fo\/wp-content\/uploads\/2024\/09\/Chodba-6-768x512.jpg 768w, https:\/\/www.fotoklubostrava.cz\/fo\/wp-content\/uploads\/2024\/09\/Chodba-6.jpg 1536w\" sizes=\"auto, (max-width: 1024px) 100vw, 1024px\" \/><\/figure>\n\n\n\n<figure class=\"wp-block-image size-large\"><img loading=\"lazy\" decoding=\"async\" width=\"1024\" height=\"683\" data-id=\"650\" src=\"https:\/\/www.fotoklubostrava.cz\/fo\/wp-content\/uploads\/2024\/09\/Chodba-7-1024x683.jpg\" alt=\"\" class=\"wp-image-650\" srcset=\"https:\/\/www.fotoklubostrava.cz\/fo\/wp-content\/uploads\/2024\/09\/Chodba-7-1024x683.jpg 1024w, https:\/\/www.fotoklubostrava.cz\/fo\/wp-content\/uploads\/2024\/09\/Chodba-7-300x200.jpg 300w, https:\/\/www.fotoklubostrava.cz\/fo\/wp-content\/uploads\/2024\/09\/Chodba-7-768x512.jpg 768w, https:\/\/www.fotoklubostrava.cz\/fo\/wp-content\/uploads\/2024\/09\/Chodba-7.jpg 1536w\" sizes=\"auto, (max-width: 1024px) 100vw, 1024px\" \/><\/figure>\n\n\n\n<figure class=\"wp-block-image size-large\"><img loading=\"lazy\" decoding=\"async\" width=\"1024\" height=\"683\" data-id=\"642\" src=\"https:\/\/www.fotoklubostrava.cz\/fo\/wp-content\/uploads\/2024\/09\/Chodba-8-1024x683.jpg\" alt=\"\" class=\"wp-image-642\" srcset=\"https:\/\/www.fotoklubostrava.cz\/fo\/wp-content\/uploads\/2024\/09\/Chodba-8-1024x683.jpg 1024w, https:\/\/www.fotoklubostrava.cz\/fo\/wp-content\/uploads\/2024\/09\/Chodba-8-300x200.jpg 300w, https:\/\/www.fotoklubostrava.cz\/fo\/wp-content\/uploads\/2024\/09\/Chodba-8-768x512.jpg 768w, https:\/\/www.fotoklubostrava.cz\/fo\/wp-content\/uploads\/2024\/09\/Chodba-8.jpg 1536w\" sizes=\"auto, (max-width: 1024px) 100vw, 1024px\" \/><\/figure>\n\n\n\n<figure class=\"wp-block-image size-large\"><img loading=\"lazy\" decoding=\"async\" width=\"1024\" height=\"683\" data-id=\"648\" src=\"https:\/\/www.fotoklubostrava.cz\/fo\/wp-content\/uploads\/2024\/09\/Plakatek-Franta-1024x683.jpg\" alt=\"\" class=\"wp-image-648\" srcset=\"https:\/\/www.fotoklubostrava.cz\/fo\/wp-content\/uploads\/2024\/09\/Plakatek-Franta-1024x683.jpg 1024w, https:\/\/www.fotoklubostrava.cz\/fo\/wp-content\/uploads\/2024\/09\/Plakatek-Franta-300x200.jpg 300w, https:\/\/www.fotoklubostrava.cz\/fo\/wp-content\/uploads\/2024\/09\/Plakatek-Franta-768x512.jpg 768w, https:\/\/www.fotoklubostrava.cz\/fo\/wp-content\/uploads\/2024\/09\/Plakatek-Franta.jpg 1536w\" sizes=\"auto, (max-width: 1024px) 100vw, 1024px\" \/><\/figure>\n\n\n\n<figure class=\"wp-block-image size-large\"><img loading=\"lazy\" decoding=\"async\" width=\"1024\" height=\"683\" data-id=\"645\" src=\"https:\/\/www.fotoklubostrava.cz\/fo\/wp-content\/uploads\/2024\/09\/Plakatek-Mutinova-1024x683.jpg\" alt=\"\" class=\"wp-image-645\" srcset=\"https:\/\/www.fotoklubostrava.cz\/fo\/wp-content\/uploads\/2024\/09\/Plakatek-Mutinova-1024x683.jpg 1024w, https:\/\/www.fotoklubostrava.cz\/fo\/wp-content\/uploads\/2024\/09\/Plakatek-Mutinova-300x200.jpg 300w, https:\/\/www.fotoklubostrava.cz\/fo\/wp-content\/uploads\/2024\/09\/Plakatek-Mutinova-768x512.jpg 768w, https:\/\/www.fotoklubostrava.cz\/fo\/wp-content\/uploads\/2024\/09\/Plakatek-Mutinova.jpg 1536w\" sizes=\"auto, (max-width: 1024px) 100vw, 1024px\" \/><\/figure>\n\n\n\n<figure class=\"wp-block-image size-large\"><img loading=\"lazy\" decoding=\"async\" width=\"1024\" height=\"683\" data-id=\"644\" src=\"https:\/\/www.fotoklubostrava.cz\/fo\/wp-content\/uploads\/2024\/09\/Plakatek-Pasek-1024x683.jpg\" alt=\"\" class=\"wp-image-644\" srcset=\"https:\/\/www.fotoklubostrava.cz\/fo\/wp-content\/uploads\/2024\/09\/Plakatek-Pasek-1024x683.jpg 1024w, https:\/\/www.fotoklubostrava.cz\/fo\/wp-content\/uploads\/2024\/09\/Plakatek-Pasek-300x200.jpg 300w, https:\/\/www.fotoklubostrava.cz\/fo\/wp-content\/uploads\/2024\/09\/Plakatek-Pasek-768x512.jpg 768w, https:\/\/www.fotoklubostrava.cz\/fo\/wp-content\/uploads\/2024\/09\/Plakatek-Pasek.jpg 1536w\" sizes=\"auto, (max-width: 1024px) 100vw, 1024px\" \/><\/figure>\n\n\n\n<figure class=\"wp-block-image size-large\"><img loading=\"lazy\" decoding=\"async\" width=\"1024\" height=\"683\" data-id=\"638\" src=\"https:\/\/www.fotoklubostrava.cz\/fo\/wp-content\/uploads\/2024\/09\/Plakatek-Pokorny-1024x683.jpg\" alt=\"\" class=\"wp-image-638\" srcset=\"https:\/\/www.fotoklubostrava.cz\/fo\/wp-content\/uploads\/2024\/09\/Plakatek-Pokorny-1024x683.jpg 1024w, https:\/\/www.fotoklubostrava.cz\/fo\/wp-content\/uploads\/2024\/09\/Plakatek-Pokorny-300x200.jpg 300w, https:\/\/www.fotoklubostrava.cz\/fo\/wp-content\/uploads\/2024\/09\/Plakatek-Pokorny-768x512.jpg 768w, https:\/\/www.fotoklubostrava.cz\/fo\/wp-content\/uploads\/2024\/09\/Plakatek-Pokorny.jpg 1536w\" sizes=\"auto, (max-width: 1024px) 100vw, 1024px\" \/><\/figure>\n\n\n\n<figure class=\"wp-block-image size-large\"><img loading=\"lazy\" decoding=\"async\" width=\"768\" height=\"1024\" data-id=\"653\" src=\"https:\/\/www.fotoklubostrava.cz\/fo\/wp-content\/uploads\/2024\/09\/T1-768x1024.jpeg\" alt=\"\" class=\"wp-image-653\" srcset=\"https:\/\/www.fotoklubostrava.cz\/fo\/wp-content\/uploads\/2024\/09\/T1-768x1024.jpeg 768w, https:\/\/www.fotoklubostrava.cz\/fo\/wp-content\/uploads\/2024\/09\/T1-225x300.jpeg 225w, https:\/\/www.fotoklubostrava.cz\/fo\/wp-content\/uploads\/2024\/09\/T1-1152x1536.jpeg 1152w, https:\/\/www.fotoklubostrava.cz\/fo\/wp-content\/uploads\/2024\/09\/T1.jpeg 1536w\" sizes=\"auto, (max-width: 768px) 100vw, 768px\" \/><\/figure>\n\n\n\n<figure class=\"wp-block-image size-large\"><img loading=\"lazy\" decoding=\"async\" width=\"1024\" height=\"768\" data-id=\"637\" src=\"https:\/\/www.fotoklubostrava.cz\/fo\/wp-content\/uploads\/2024\/09\/T2-1024x768.jpeg\" alt=\"\" class=\"wp-image-637\" srcset=\"https:\/\/www.fotoklubostrava.cz\/fo\/wp-content\/uploads\/2024\/09\/T2-1024x768.jpeg 1024w, https:\/\/www.fotoklubostrava.cz\/fo\/wp-content\/uploads\/2024\/09\/T2-300x225.jpeg 300w, https:\/\/www.fotoklubostrava.cz\/fo\/wp-content\/uploads\/2024\/09\/T2-768x576.jpeg 768w, https:\/\/www.fotoklubostrava.cz\/fo\/wp-content\/uploads\/2024\/09\/T2.jpeg 1536w\" sizes=\"auto, (max-width: 1024px) 100vw, 1024px\" \/><\/figure>\n\n\n\n<figure class=\"wp-block-image size-large\"><img loading=\"lazy\" decoding=\"async\" width=\"1024\" height=\"768\" data-id=\"635\" src=\"https:\/\/www.fotoklubostrava.cz\/fo\/wp-content\/uploads\/2024\/09\/T3-1024x768.jpeg\" alt=\"\" class=\"wp-image-635\" srcset=\"https:\/\/www.fotoklubostrava.cz\/fo\/wp-content\/uploads\/2024\/09\/T3-1024x768.jpeg 1024w, https:\/\/www.fotoklubostrava.cz\/fo\/wp-content\/uploads\/2024\/09\/T3-300x225.jpeg 300w, https:\/\/www.fotoklubostrava.cz\/fo\/wp-content\/uploads\/2024\/09\/T3-768x576.jpeg 768w, https:\/\/www.fotoklubostrava.cz\/fo\/wp-content\/uploads\/2024\/09\/T3.jpeg 1536w\" sizes=\"auto, (max-width: 1024px) 100vw, 1024px\" \/><\/figure>\n\n\n\n<figure class=\"wp-block-image size-large\"><img loading=\"lazy\" decoding=\"async\" width=\"1024\" height=\"768\" data-id=\"633\" src=\"https:\/\/www.fotoklubostrava.cz\/fo\/wp-content\/uploads\/2024\/09\/T4-1024x768.jpeg\" alt=\"\" class=\"wp-image-633\" srcset=\"https:\/\/www.fotoklubostrava.cz\/fo\/wp-content\/uploads\/2024\/09\/T4-1024x768.jpeg 1024w, https:\/\/www.fotoklubostrava.cz\/fo\/wp-content\/uploads\/2024\/09\/T4-300x225.jpeg 300w, https:\/\/www.fotoklubostrava.cz\/fo\/wp-content\/uploads\/2024\/09\/T4-768x576.jpeg 768w, https:\/\/www.fotoklubostrava.cz\/fo\/wp-content\/uploads\/2024\/09\/T4.jpeg 1536w\" sizes=\"auto, (max-width: 1024px) 100vw, 1024px\" \/><\/figure>\n\n\n\n<figure class=\"wp-block-image size-large\"><img loading=\"lazy\" decoding=\"async\" width=\"1024\" height=\"768\" data-id=\"632\" src=\"https:\/\/www.fotoklubostrava.cz\/fo\/wp-content\/uploads\/2024\/09\/T6-1024x768.jpeg\" alt=\"\" class=\"wp-image-632\" srcset=\"https:\/\/www.fotoklubostrava.cz\/fo\/wp-content\/uploads\/2024\/09\/T6-1024x768.jpeg 1024w, https:\/\/www.fotoklubostrava.cz\/fo\/wp-content\/uploads\/2024\/09\/T6-300x225.jpeg 300w, https:\/\/www.fotoklubostrava.cz\/fo\/wp-content\/uploads\/2024\/09\/T6-768x576.jpeg 768w, https:\/\/www.fotoklubostrava.cz\/fo\/wp-content\/uploads\/2024\/09\/T6.jpeg 1536w\" sizes=\"auto, (max-width: 1024px) 100vw, 1024px\" \/><\/figure>\n\n\n\n<figure class=\"wp-block-image size-large\"><img loading=\"lazy\" decoding=\"async\" width=\"1024\" height=\"768\" data-id=\"636\" src=\"https:\/\/www.fotoklubostrava.cz\/fo\/wp-content\/uploads\/2024\/09\/T7-1024x768.jpeg\" alt=\"\" class=\"wp-image-636\" srcset=\"https:\/\/www.fotoklubostrava.cz\/fo\/wp-content\/uploads\/2024\/09\/T7-1024x768.jpeg 1024w, https:\/\/www.fotoklubostrava.cz\/fo\/wp-content\/uploads\/2024\/09\/T7-300x225.jpeg 300w, https:\/\/www.fotoklubostrava.cz\/fo\/wp-content\/uploads\/2024\/09\/T7-768x576.jpeg 768w, https:\/\/www.fotoklubostrava.cz\/fo\/wp-content\/uploads\/2024\/09\/T7.jpeg 1536w\" sizes=\"auto, (max-width: 1024px) 100vw, 1024px\" \/><\/figure>\n\n\n\n<figure class=\"wp-block-image size-large\"><img loading=\"lazy\" decoding=\"async\" width=\"768\" height=\"1024\" data-id=\"651\" src=\"https:\/\/www.fotoklubostrava.cz\/fo\/wp-content\/uploads\/2024\/09\/T8-768x1024.jpeg\" alt=\"\" class=\"wp-image-651\" srcset=\"https:\/\/www.fotoklubostrava.cz\/fo\/wp-content\/uploads\/2024\/09\/T8-768x1024.jpeg 768w, https:\/\/www.fotoklubostrava.cz\/fo\/wp-content\/uploads\/2024\/09\/T8-225x300.jpeg 225w, https:\/\/www.fotoklubostrava.cz\/fo\/wp-content\/uploads\/2024\/09\/T8-1152x1536.jpeg 1152w, https:\/\/www.fotoklubostrava.cz\/fo\/wp-content\/uploads\/2024\/09\/T8.jpeg 1536w\" sizes=\"auto, (max-width: 768px) 100vw, 768px\" \/><\/figure>\n\n\n\n<figure class=\"wp-block-image size-large\"><img loading=\"lazy\" decoding=\"async\" width=\"1024\" height=\"768\" data-id=\"631\" src=\"https:\/\/www.fotoklubostrava.cz\/fo\/wp-content\/uploads\/2024\/09\/T9-1024x768.jpeg\" alt=\"\" class=\"wp-image-631\" srcset=\"https:\/\/www.fotoklubostrava.cz\/fo\/wp-content\/uploads\/2024\/09\/T9-1024x768.jpeg 1024w, https:\/\/www.fotoklubostrava.cz\/fo\/wp-content\/uploads\/2024\/09\/T9-300x225.jpeg 300w, https:\/\/www.fotoklubostrava.cz\/fo\/wp-content\/uploads\/2024\/09\/T9-768x576.jpeg 768w, https:\/\/www.fotoklubostrava.cz\/fo\/wp-content\/uploads\/2024\/09\/T9.jpeg 1536w\" sizes=\"auto, (max-width: 1024px) 100vw, 1024px\" \/><\/figure>\n\n\n\n<figure class=\"wp-block-image size-large\"><img loading=\"lazy\" decoding=\"async\" width=\"1024\" height=\"768\" data-id=\"640\" src=\"https:\/\/www.fotoklubostrava.cz\/fo\/wp-content\/uploads\/2024\/09\/T11-1024x768.jpeg\" alt=\"\" class=\"wp-image-640\" srcset=\"https:\/\/www.fotoklubostrava.cz\/fo\/wp-content\/uploads\/2024\/09\/T11-1024x768.jpeg 1024w, https:\/\/www.fotoklubostrava.cz\/fo\/wp-content\/uploads\/2024\/09\/T11-300x225.jpeg 300w, https:\/\/www.fotoklubostrava.cz\/fo\/wp-content\/uploads\/2024\/09\/T11-768x576.jpeg 768w, https:\/\/www.fotoklubostrava.cz\/fo\/wp-content\/uploads\/2024\/09\/T11.jpeg 1536w\" sizes=\"auto, (max-width: 1024px) 100vw, 1024px\" \/><\/figure>\n\n\n\n<figure class=\"wp-block-image size-large\"><img loading=\"lazy\" decoding=\"async\" width=\"768\" height=\"1024\" data-id=\"649\" src=\"https:\/\/www.fotoklubostrava.cz\/fo\/wp-content\/uploads\/2024\/09\/T12-768x1024.jpeg\" alt=\"\" class=\"wp-image-649\" srcset=\"https:\/\/www.fotoklubostrava.cz\/fo\/wp-content\/uploads\/2024\/09\/T12-768x1024.jpeg 768w, https:\/\/www.fotoklubostrava.cz\/fo\/wp-content\/uploads\/2024\/09\/T12-225x300.jpeg 225w, https:\/\/www.fotoklubostrava.cz\/fo\/wp-content\/uploads\/2024\/09\/T12-1152x1536.jpeg 1152w, https:\/\/www.fotoklubostrava.cz\/fo\/wp-content\/uploads\/2024\/09\/T12.jpeg 1536w\" sizes=\"auto, (max-width: 768px) 100vw, 768px\" \/><\/figure>\n\n\n\n<figure class=\"wp-block-image size-large\"><img loading=\"lazy\" decoding=\"async\" width=\"1024\" height=\"768\" data-id=\"634\" src=\"https:\/\/www.fotoklubostrava.cz\/fo\/wp-content\/uploads\/2024\/09\/T13-1024x768.jpeg\" alt=\"\" class=\"wp-image-634\" srcset=\"https:\/\/www.fotoklubostrava.cz\/fo\/wp-content\/uploads\/2024\/09\/T13-1024x768.jpeg 1024w, https:\/\/www.fotoklubostrava.cz\/fo\/wp-content\/uploads\/2024\/09\/T13-300x225.jpeg 300w, https:\/\/www.fotoklubostrava.cz\/fo\/wp-content\/uploads\/2024\/09\/T13-768x576.jpeg 768w, https:\/\/www.fotoklubostrava.cz\/fo\/wp-content\/uploads\/2024\/09\/T13.jpeg 1536w\" sizes=\"auto, (max-width: 1024px) 100vw, 1024px\" \/><\/figure>\n<\/figure>\n<\/div>\n<\/div>\n<\/div>\n\n\n\n<p><\/p>\n","protected":false},"excerpt":{"rendered":"<p>Od z\u00e1\u0159\u00ed vystavuj\u00ed n\u011bkte\u0159\u00ed \u010dlenov\u00e9 Fotoklubu Ostrava sv\u00e9 fotografie v&nbsp;p\u0159\u00edstupn\u00fdch prostorech Onkologick\u00e9 kliniky FNO, v&nbsp;Galerii Lotos. Jedn\u00e1 se o prvn\u00ed kontakt a v&nbsp;podstat\u011b nejde o v\u00fdstavu v&nbsp;prav\u00e9m slova smyslu. Akce je pojata jako jist\u00e1 forma odleh\u010den\u00ed a odpout\u00e1n\u00ed se od reality je\u017e m\u00e1 pomoci pacient\u016fm v&nbsp;jejich nelehk\u00e9 \u017eivotn\u00ed situaci. K&nbsp;mo\u017enosti vystavit zde fotografie do\u0161lo p\u0159i [&hellip;]<\/p>\n","protected":false},"author":1,"featured_media":0,"comment_status":"closed","ping_status":"closed","sticky":false,"template":"","format":"standard","meta":{"footnotes":""},"categories":[5],"tags":[],"class_list":["post-621","post","type-post","status-publish","format-standard","hentry","category-aktuality"],"_links":{"self":[{"href":"https:\/\/www.fotoklubostrava.cz\/fo\/wp-json\/wp\/v2\/posts\/621","targetHints":{"allow":["GET"]}}],"collection":[{"href":"https:\/\/www.fotoklubostrava.cz\/fo\/wp-json\/wp\/v2\/posts"}],"about":[{"href":"https:\/\/www.fotoklubostrava.cz\/fo\/wp-json\/wp\/v2\/types\/post"}],"author":[{"embeddable":true,"href":"https:\/\/www.fotoklubostrava.cz\/fo\/wp-json\/wp\/v2\/users\/1"}],"replies":[{"embeddable":true,"href":"https:\/\/www.fotoklubostrava.cz\/fo\/wp-json\/wp\/v2\/comments?post=621"}],"version-history":[{"count":7,"href":"https:\/\/www.fotoklubostrava.cz\/fo\/wp-json\/wp\/v2\/posts\/621\/revisions"}],"predecessor-version":[{"id":656,"href":"https:\/\/www.fotoklubostrava.cz\/fo\/wp-json\/wp\/v2\/posts\/621\/revisions\/656"}],"wp:attachment":[{"href":"https:\/\/www.fotoklubostrava.cz\/fo\/wp-json\/wp\/v2\/media?parent=621"}],"wp:term":[{"taxonomy":"category","embeddable":true,"href":"https:\/\/www.fotoklubostrava.cz\/fo\/wp-json\/wp\/v2\/categories?post=621"},{"taxonomy":"post_tag","embeddable":true,"href":"https:\/\/www.fotoklubostrava.cz\/fo\/wp-json\/wp\/v2\/tags?post=621"}],"curies":[{"name":"wp","href":"https:\/\/api.w.org\/{rel}","templated":true}]}}