{"id":39,"date":"2023-01-15T22:55:00","date_gmt":"2023-01-15T21:55:00","guid":{"rendered":"http:\/\/localhost\/fo\/?p=39"},"modified":"2023-10-22T19:59:36","modified_gmt":"2023-10-22T17:59:36","slug":"klubovy-vyslap","status":"publish","type":"post","link":"https:\/\/www.fotoklubostrava.cz\/fo\/2023\/01\/15\/klubovy-vyslap\/","title":{"rendered":"Klubov\u00fd v\u00fd\u0161lap"},"content":{"rendered":"\n<p>Letos, stejn\u011b jako vloni, jsme se rozhodli, \u017ee tradi\u010dn\u00ed klubov\u00fd v\u00fd\u0161lap p\u0159esuneme na prvn\u00ed v\u00edkend po Nov\u00e9m roce. Mezi v\u00e1no\u010dn\u00edmi sv\u00e1tky a Silvestrem m\u00e1 ka\u017ed\u00fd v\u011bt\u0161inou jin\u00e9 starosti.<\/p>\n\n\n\n<p>Jako trasu jsme letos zvolili cestu z Klimkovic kolem Polan\u010dice, men\u0161\u00edho toku, kter\u00fd se po de\u0161t\u00edch dok\u00e1\u017ee zm\u011bnit v po\u0159\u00e1dnou \u0159\u00ed\u010dku. Je to okrajov\u00e1 \u010d\u00e1st P\u0159\u00edrodn\u00edho parku Odersk\u00e9 vrchy, typick\u00e1 krajina s mno\u017estv\u00edm n\u00e1letov\u00e9 d\u0159eviny. Na cestu n\u00e1s vyrazilo jeden\u00e1ct a dal\u0161\u00ed se p\u0159idali na konci trasy v Hosp\u016fdce U Ra\u0161k\u016f, kde jsme zakon\u010dili dobr\u00fdm gul\u00e1\u0161em a pive\u010dkem poda\u0159en\u00fd v\u00fd\u0161lap. Ono je nakonec jedno kde se jde a skon\u010d\u00ed, d\u016fle\u017eit\u011bj\u0161\u00ed je se potkat s p\u0159\u00e1teli.<\/p>\n\n\n\n<p>Franti\u0161ek Havl\u00ed\u010dek<\/p>\n\n\n\n<figure class=\"wp-block-gallery has-nested-images columns-2 is-cropped wp-block-gallery-1 is-layout-flex wp-block-gallery-is-layout-flex\">\n<figure class=\"wp-block-image size-full\"><img loading=\"lazy\" decoding=\"async\" width=\"600\" height=\"400\" data-id=\"227\" src=\"https:\/\/www.fotoklubostrava.cz\/fo\/wp-content\/uploads\/2023\/10\/vyslap_01-2.jpg\" alt=\"\" class=\"wp-image-227\" srcset=\"https:\/\/www.fotoklubostrava.cz\/fo\/wp-content\/uploads\/2023\/10\/vyslap_01-2.jpg 600w, https:\/\/www.fotoklubostrava.cz\/fo\/wp-content\/uploads\/2023\/10\/vyslap_01-2-300x200.jpg 300w\" sizes=\"auto, (max-width: 600px) 100vw, 600px\" \/><\/figure>\n\n\n\n<figure class=\"wp-block-image size-full\"><img loading=\"lazy\" decoding=\"async\" width=\"600\" height=\"400\" data-id=\"226\" src=\"https:\/\/www.fotoklubostrava.cz\/fo\/wp-content\/uploads\/2023\/10\/vyslap_02-2.jpg\" alt=\"\" class=\"wp-image-226\" srcset=\"https:\/\/www.fotoklubostrava.cz\/fo\/wp-content\/uploads\/2023\/10\/vyslap_02-2.jpg 600w, https:\/\/www.fotoklubostrava.cz\/fo\/wp-content\/uploads\/2023\/10\/vyslap_02-2-300x200.jpg 300w\" sizes=\"auto, (max-width: 600px) 100vw, 600px\" \/><\/figure>\n\n\n\n<figure class=\"wp-block-image size-full\"><img loading=\"lazy\" decoding=\"async\" width=\"600\" height=\"400\" data-id=\"230\" src=\"https:\/\/www.fotoklubostrava.cz\/fo\/wp-content\/uploads\/2023\/10\/vyslap_03-2.jpg\" alt=\"\" class=\"wp-image-230\" srcset=\"https:\/\/www.fotoklubostrava.cz\/fo\/wp-content\/uploads\/2023\/10\/vyslap_03-2.jpg 600w, https:\/\/www.fotoklubostrava.cz\/fo\/wp-content\/uploads\/2023\/10\/vyslap_03-2-300x200.jpg 300w\" sizes=\"auto, (max-width: 600px) 100vw, 600px\" \/><\/figure>\n\n\n\n<figure class=\"wp-block-image size-full\"><img loading=\"lazy\" decoding=\"async\" width=\"394\" height=\"591\" data-id=\"229\" src=\"https:\/\/www.fotoklubostrava.cz\/fo\/wp-content\/uploads\/2023\/10\/vyslap_04-2.jpg\" alt=\"\" class=\"wp-image-229\" srcset=\"https:\/\/www.fotoklubostrava.cz\/fo\/wp-content\/uploads\/2023\/10\/vyslap_04-2.jpg 394w, https:\/\/www.fotoklubostrava.cz\/fo\/wp-content\/uploads\/2023\/10\/vyslap_04-2-200x300.jpg 200w\" sizes=\"auto, (max-width: 394px) 100vw, 394px\" \/><\/figure>\n\n\n\n<figure class=\"wp-block-image size-full\"><img loading=\"lazy\" decoding=\"async\" width=\"600\" height=\"400\" data-id=\"228\" src=\"https:\/\/www.fotoklubostrava.cz\/fo\/wp-content\/uploads\/2023\/10\/vyslap_05-2.jpg\" alt=\"\" class=\"wp-image-228\" srcset=\"https:\/\/www.fotoklubostrava.cz\/fo\/wp-content\/uploads\/2023\/10\/vyslap_05-2.jpg 600w, https:\/\/www.fotoklubostrava.cz\/fo\/wp-content\/uploads\/2023\/10\/vyslap_05-2-300x200.jpg 300w\" sizes=\"auto, (max-width: 600px) 100vw, 600px\" \/><\/figure>\n\n\n\n<figure class=\"wp-block-image size-full\"><img loading=\"lazy\" decoding=\"async\" width=\"600\" height=\"400\" data-id=\"231\" src=\"https:\/\/www.fotoklubostrava.cz\/fo\/wp-content\/uploads\/2023\/10\/vyslap_06-3.jpg\" alt=\"\" class=\"wp-image-231\" srcset=\"https:\/\/www.fotoklubostrava.cz\/fo\/wp-content\/uploads\/2023\/10\/vyslap_06-3.jpg 600w, https:\/\/www.fotoklubostrava.cz\/fo\/wp-content\/uploads\/2023\/10\/vyslap_06-3-300x200.jpg 300w\" sizes=\"auto, (max-width: 600px) 100vw, 600px\" \/><\/figure>\n\n\n\n<figure class=\"wp-block-image size-full\"><img loading=\"lazy\" decoding=\"async\" width=\"600\" height=\"400\" data-id=\"232\" src=\"https:\/\/www.fotoklubostrava.cz\/fo\/wp-content\/uploads\/2023\/10\/vyslap_07-2.jpg\" alt=\"\" class=\"wp-image-232\" srcset=\"https:\/\/www.fotoklubostrava.cz\/fo\/wp-content\/uploads\/2023\/10\/vyslap_07-2.jpg 600w, https:\/\/www.fotoklubostrava.cz\/fo\/wp-content\/uploads\/2023\/10\/vyslap_07-2-300x200.jpg 300w\" sizes=\"auto, (max-width: 600px) 100vw, 600px\" \/><\/figure>\n\n\n\n<figure class=\"wp-block-image size-full\"><img loading=\"lazy\" decoding=\"async\" width=\"600\" height=\"400\" data-id=\"233\" src=\"https:\/\/www.fotoklubostrava.cz\/fo\/wp-content\/uploads\/2023\/10\/vyslap_08-2.jpg\" alt=\"\" class=\"wp-image-233\" srcset=\"https:\/\/www.fotoklubostrava.cz\/fo\/wp-content\/uploads\/2023\/10\/vyslap_08-2.jpg 600w, https:\/\/www.fotoklubostrava.cz\/fo\/wp-content\/uploads\/2023\/10\/vyslap_08-2-300x200.jpg 300w\" sizes=\"auto, (max-width: 600px) 100vw, 600px\" \/><\/figure>\n<\/figure>\n","protected":false},"excerpt":{"rendered":"<p>Letos, stejn\u011b jako vloni, jsme se rozhodli, \u017ee tradi\u010dn\u00ed klubov\u00fd v\u00fd\u0161lap p\u0159esuneme na prvn\u00ed v\u00edkend po Nov\u00e9m roce. Mezi v\u00e1no\u010dn\u00edmi sv\u00e1tky a Silvestrem m\u00e1 ka\u017ed\u00fd v\u011bt\u0161inou jin\u00e9 starosti.<\/p>\n","protected":false},"author":1,"featured_media":107,"comment_status":"open","ping_status":"open","sticky":false,"template":"","format":"standard","meta":{"footnotes":""},"categories":[5],"tags":[],"class_list":["post-39","post","type-post","status-publish","format-standard","has-post-thumbnail","hentry","category-aktuality"],"_links":{"self":[{"href":"https:\/\/www.fotoklubostrava.cz\/fo\/wp-json\/wp\/v2\/posts\/39","targetHints":{"allow":["GET"]}}],"collection":[{"href":"https:\/\/www.fotoklubostrava.cz\/fo\/wp-json\/wp\/v2\/posts"}],"about":[{"href":"https:\/\/www.fotoklubostrava.cz\/fo\/wp-json\/wp\/v2\/types\/post"}],"author":[{"embeddable":true,"href":"https:\/\/www.fotoklubostrava.cz\/fo\/wp-json\/wp\/v2\/users\/1"}],"replies":[{"embeddable":true,"href":"https:\/\/www.fotoklubostrava.cz\/fo\/wp-json\/wp\/v2\/comments?post=39"}],"version-history":[{"count":3,"href":"https:\/\/www.fotoklubostrava.cz\/fo\/wp-json\/wp\/v2\/posts\/39\/revisions"}],"predecessor-version":[{"id":235,"href":"https:\/\/www.fotoklubostrava.cz\/fo\/wp-json\/wp\/v2\/posts\/39\/revisions\/235"}],"wp:featuredmedia":[{"embeddable":true,"href":"https:\/\/www.fotoklubostrava.cz\/fo\/wp-json\/wp\/v2\/media\/107"}],"wp:attachment":[{"href":"https:\/\/www.fotoklubostrava.cz\/fo\/wp-json\/wp\/v2\/media?parent=39"}],"wp:term":[{"taxonomy":"category","embeddable":true,"href":"https:\/\/www.fotoklubostrava.cz\/fo\/wp-json\/wp\/v2\/categories?post=39"},{"taxonomy":"post_tag","embeddable":true,"href":"https:\/\/www.fotoklubostrava.cz\/fo\/wp-json\/wp\/v2\/tags?post=39"}],"curies":[{"name":"wp","href":"https:\/\/api.w.org\/{rel}","templated":true}]}}