{"id":1037,"date":"2025-09-10T20:57:13","date_gmt":"2025-09-10T18:57:13","guid":{"rendered":"https:\/\/www.fotoklubostrava.cz\/fo\/?p=1037"},"modified":"2025-09-10T20:57:14","modified_gmt":"2025-09-10T18:57:14","slug":"frantisek-havlicek-po-proudu-odry-fotografie-z-vernisaze","status":"publish","type":"post","link":"https:\/\/www.fotoklubostrava.cz\/fo\/2025\/09\/10\/frantisek-havlicek-po-proudu-odry-fotografie-z-vernisaze\/","title":{"rendered":"Franti\u0161ek Havl\u00ed\u010dek, Po proudu Odry &#8211; Fotografie z vernis\u00e1\u017ee"},"content":{"rendered":"\n<p>V \u00fater\u00fd 9. z\u00e1\u0159\u00ed byla ve v\u00fdtvarn\u00e9m centru Chagall zah\u00e1jena v\u00fdstava fotografi\u00ed na\u0161eho \u010dlena Franti\u0161ka Havl\u00ed\u010dka. V\u00fdstavu m\u016f\u017eete nav\u0161t\u00edvit do 31.12.2025. Atmosf\u00e9ru na vernis\u00e1\u017ei p\u0159in\u00e1\u0161\u00edme na fotografi\u00edch n\u00ed\u017ee.<\/p>\n\n\n\n<figure class=\"wp-block-gallery has-nested-images columns-2 is-cropped wp-block-gallery-1 is-layout-flex wp-block-gallery-is-layout-flex\">\n<figure class=\"wp-block-image size-large\"><img loading=\"lazy\" decoding=\"async\" width=\"1024\" height=\"683\" data-id=\"1039\" src=\"https:\/\/www.fotoklubostrava.cz\/fo\/wp-content\/uploads\/2025\/09\/01-1024x683.jpg\" alt=\"\" class=\"wp-image-1039\" srcset=\"https:\/\/www.fotoklubostrava.cz\/fo\/wp-content\/uploads\/2025\/09\/01-1024x683.jpg 1024w, https:\/\/www.fotoklubostrava.cz\/fo\/wp-content\/uploads\/2025\/09\/01-300x200.jpg 300w, https:\/\/www.fotoklubostrava.cz\/fo\/wp-content\/uploads\/2025\/09\/01-768x512.jpg 768w, https:\/\/www.fotoklubostrava.cz\/fo\/wp-content\/uploads\/2025\/09\/01.jpg 1200w\" sizes=\"auto, (max-width: 1024px) 100vw, 1024px\" \/><\/figure>\n\n\n\n<figure class=\"wp-block-image size-large\"><img loading=\"lazy\" decoding=\"async\" width=\"1024\" height=\"683\" data-id=\"1054\" src=\"https:\/\/www.fotoklubostrava.cz\/fo\/wp-content\/uploads\/2025\/09\/02-1024x683.jpg\" alt=\"\" class=\"wp-image-1054\" srcset=\"https:\/\/www.fotoklubostrava.cz\/fo\/wp-content\/uploads\/2025\/09\/02-1024x683.jpg 1024w, https:\/\/www.fotoklubostrava.cz\/fo\/wp-content\/uploads\/2025\/09\/02-300x200.jpg 300w, https:\/\/www.fotoklubostrava.cz\/fo\/wp-content\/uploads\/2025\/09\/02-768x512.jpg 768w, https:\/\/www.fotoklubostrava.cz\/fo\/wp-content\/uploads\/2025\/09\/02.jpg 1200w\" sizes=\"auto, (max-width: 1024px) 100vw, 1024px\" \/><\/figure>\n\n\n\n<figure class=\"wp-block-image size-large\"><img loading=\"lazy\" decoding=\"async\" width=\"1024\" height=\"683\" data-id=\"1042\" src=\"https:\/\/www.fotoklubostrava.cz\/fo\/wp-content\/uploads\/2025\/09\/03-1024x683.jpg\" alt=\"\" class=\"wp-image-1042\" srcset=\"https:\/\/www.fotoklubostrava.cz\/fo\/wp-content\/uploads\/2025\/09\/03-1024x683.jpg 1024w, https:\/\/www.fotoklubostrava.cz\/fo\/wp-content\/uploads\/2025\/09\/03-300x200.jpg 300w, https:\/\/www.fotoklubostrava.cz\/fo\/wp-content\/uploads\/2025\/09\/03-768x512.jpg 768w, https:\/\/www.fotoklubostrava.cz\/fo\/wp-content\/uploads\/2025\/09\/03.jpg 1200w\" sizes=\"auto, (max-width: 1024px) 100vw, 1024px\" \/><\/figure>\n\n\n\n<figure class=\"wp-block-image size-large\"><img loading=\"lazy\" decoding=\"async\" width=\"1024\" height=\"683\" data-id=\"1046\" src=\"https:\/\/www.fotoklubostrava.cz\/fo\/wp-content\/uploads\/2025\/09\/04-1024x683.jpg\" alt=\"\" class=\"wp-image-1046\" srcset=\"https:\/\/www.fotoklubostrava.cz\/fo\/wp-content\/uploads\/2025\/09\/04-1024x683.jpg 1024w, https:\/\/www.fotoklubostrava.cz\/fo\/wp-content\/uploads\/2025\/09\/04-300x200.jpg 300w, https:\/\/www.fotoklubostrava.cz\/fo\/wp-content\/uploads\/2025\/09\/04-768x512.jpg 768w, https:\/\/www.fotoklubostrava.cz\/fo\/wp-content\/uploads\/2025\/09\/04.jpg 1200w\" sizes=\"auto, (max-width: 1024px) 100vw, 1024px\" \/><\/figure>\n\n\n\n<figure class=\"wp-block-image size-large\"><img loading=\"lazy\" decoding=\"async\" width=\"1024\" height=\"683\" data-id=\"1049\" src=\"https:\/\/www.fotoklubostrava.cz\/fo\/wp-content\/uploads\/2025\/09\/05-1024x683.jpg\" alt=\"\" class=\"wp-image-1049\" srcset=\"https:\/\/www.fotoklubostrava.cz\/fo\/wp-content\/uploads\/2025\/09\/05-1024x683.jpg 1024w, https:\/\/www.fotoklubostrava.cz\/fo\/wp-content\/uploads\/2025\/09\/05-300x200.jpg 300w, https:\/\/www.fotoklubostrava.cz\/fo\/wp-content\/uploads\/2025\/09\/05-768x512.jpg 768w, https:\/\/www.fotoklubostrava.cz\/fo\/wp-content\/uploads\/2025\/09\/05.jpg 1200w\" sizes=\"auto, (max-width: 1024px) 100vw, 1024px\" \/><\/figure>\n\n\n\n<figure class=\"wp-block-image size-large\"><img loading=\"lazy\" decoding=\"async\" width=\"667\" height=\"1000\" data-id=\"1041\" src=\"https:\/\/www.fotoklubostrava.cz\/fo\/wp-content\/uploads\/2025\/09\/06.jpg\" alt=\"\" class=\"wp-image-1041\" srcset=\"https:\/\/www.fotoklubostrava.cz\/fo\/wp-content\/uploads\/2025\/09\/06.jpg 667w, https:\/\/www.fotoklubostrava.cz\/fo\/wp-content\/uploads\/2025\/09\/06-200x300.jpg 200w\" sizes=\"auto, (max-width: 667px) 100vw, 667px\" \/><\/figure>\n\n\n\n<figure class=\"wp-block-image size-large\"><img loading=\"lazy\" decoding=\"async\" width=\"1024\" height=\"683\" data-id=\"1053\" src=\"https:\/\/www.fotoklubostrava.cz\/fo\/wp-content\/uploads\/2025\/09\/07-1024x683.jpg\" alt=\"\" class=\"wp-image-1053\" srcset=\"https:\/\/www.fotoklubostrava.cz\/fo\/wp-content\/uploads\/2025\/09\/07-1024x683.jpg 1024w, https:\/\/www.fotoklubostrava.cz\/fo\/wp-content\/uploads\/2025\/09\/07-300x200.jpg 300w, https:\/\/www.fotoklubostrava.cz\/fo\/wp-content\/uploads\/2025\/09\/07-768x512.jpg 768w, https:\/\/www.fotoklubostrava.cz\/fo\/wp-content\/uploads\/2025\/09\/07.jpg 1200w\" sizes=\"auto, (max-width: 1024px) 100vw, 1024px\" \/><\/figure>\n\n\n\n<figure class=\"wp-block-image size-large\"><img loading=\"lazy\" decoding=\"async\" width=\"750\" height=\"1000\" data-id=\"1043\" src=\"https:\/\/www.fotoklubostrava.cz\/fo\/wp-content\/uploads\/2025\/09\/08.jpg\" alt=\"\" class=\"wp-image-1043\" srcset=\"https:\/\/www.fotoklubostrava.cz\/fo\/wp-content\/uploads\/2025\/09\/08.jpg 750w, https:\/\/www.fotoklubostrava.cz\/fo\/wp-content\/uploads\/2025\/09\/08-225x300.jpg 225w\" sizes=\"auto, (max-width: 750px) 100vw, 750px\" \/><\/figure>\n\n\n\n<figure class=\"wp-block-image size-large\"><img loading=\"lazy\" decoding=\"async\" width=\"750\" height=\"1000\" data-id=\"1038\" src=\"https:\/\/www.fotoklubostrava.cz\/fo\/wp-content\/uploads\/2025\/09\/09.jpg\" alt=\"\" class=\"wp-image-1038\" srcset=\"https:\/\/www.fotoklubostrava.cz\/fo\/wp-content\/uploads\/2025\/09\/09.jpg 750w, https:\/\/www.fotoklubostrava.cz\/fo\/wp-content\/uploads\/2025\/09\/09-225x300.jpg 225w\" sizes=\"auto, (max-width: 750px) 100vw, 750px\" \/><\/figure>\n\n\n\n<figure class=\"wp-block-image size-large\"><img loading=\"lazy\" decoding=\"async\" width=\"1024\" height=\"683\" data-id=\"1040\" src=\"https:\/\/www.fotoklubostrava.cz\/fo\/wp-content\/uploads\/2025\/09\/10-1024x683.jpg\" alt=\"\" class=\"wp-image-1040\" srcset=\"https:\/\/www.fotoklubostrava.cz\/fo\/wp-content\/uploads\/2025\/09\/10-1024x683.jpg 1024w, https:\/\/www.fotoklubostrava.cz\/fo\/wp-content\/uploads\/2025\/09\/10-300x200.jpg 300w, https:\/\/www.fotoklubostrava.cz\/fo\/wp-content\/uploads\/2025\/09\/10-768x512.jpg 768w, https:\/\/www.fotoklubostrava.cz\/fo\/wp-content\/uploads\/2025\/09\/10.jpg 1200w\" sizes=\"auto, (max-width: 1024px) 100vw, 1024px\" \/><\/figure>\n\n\n\n<figure class=\"wp-block-image size-large\"><img loading=\"lazy\" decoding=\"async\" width=\"1024\" height=\"683\" data-id=\"1051\" src=\"https:\/\/www.fotoklubostrava.cz\/fo\/wp-content\/uploads\/2025\/09\/11-1024x683.jpg\" alt=\"\" class=\"wp-image-1051\" srcset=\"https:\/\/www.fotoklubostrava.cz\/fo\/wp-content\/uploads\/2025\/09\/11-1024x683.jpg 1024w, https:\/\/www.fotoklubostrava.cz\/fo\/wp-content\/uploads\/2025\/09\/11-300x200.jpg 300w, https:\/\/www.fotoklubostrava.cz\/fo\/wp-content\/uploads\/2025\/09\/11-768x512.jpg 768w, https:\/\/www.fotoklubostrava.cz\/fo\/wp-content\/uploads\/2025\/09\/11.jpg 1200w\" sizes=\"auto, (max-width: 1024px) 100vw, 1024px\" \/><\/figure>\n\n\n\n<figure class=\"wp-block-image size-large\"><img loading=\"lazy\" decoding=\"async\" width=\"750\" height=\"1000\" data-id=\"1047\" src=\"https:\/\/www.fotoklubostrava.cz\/fo\/wp-content\/uploads\/2025\/09\/12.jpg\" alt=\"\" class=\"wp-image-1047\" srcset=\"https:\/\/www.fotoklubostrava.cz\/fo\/wp-content\/uploads\/2025\/09\/12.jpg 750w, https:\/\/www.fotoklubostrava.cz\/fo\/wp-content\/uploads\/2025\/09\/12-225x300.jpg 225w\" sizes=\"auto, (max-width: 750px) 100vw, 750px\" \/><\/figure>\n\n\n\n<figure class=\"wp-block-image size-large\"><img loading=\"lazy\" decoding=\"async\" width=\"1024\" height=\"683\" data-id=\"1045\" src=\"https:\/\/www.fotoklubostrava.cz\/fo\/wp-content\/uploads\/2025\/09\/13-1024x683.jpg\" alt=\"\" class=\"wp-image-1045\" srcset=\"https:\/\/www.fotoklubostrava.cz\/fo\/wp-content\/uploads\/2025\/09\/13-1024x683.jpg 1024w, https:\/\/www.fotoklubostrava.cz\/fo\/wp-content\/uploads\/2025\/09\/13-300x200.jpg 300w, https:\/\/www.fotoklubostrava.cz\/fo\/wp-content\/uploads\/2025\/09\/13-768x512.jpg 768w, https:\/\/www.fotoklubostrava.cz\/fo\/wp-content\/uploads\/2025\/09\/13.jpg 1200w\" sizes=\"auto, (max-width: 1024px) 100vw, 1024px\" \/><\/figure>\n\n\n\n<figure class=\"wp-block-image size-large\"><img loading=\"lazy\" decoding=\"async\" width=\"1024\" height=\"683\" data-id=\"1050\" src=\"https:\/\/www.fotoklubostrava.cz\/fo\/wp-content\/uploads\/2025\/09\/14-1024x683.jpg\" alt=\"\" class=\"wp-image-1050\" srcset=\"https:\/\/www.fotoklubostrava.cz\/fo\/wp-content\/uploads\/2025\/09\/14-1024x683.jpg 1024w, https:\/\/www.fotoklubostrava.cz\/fo\/wp-content\/uploads\/2025\/09\/14-300x200.jpg 300w, https:\/\/www.fotoklubostrava.cz\/fo\/wp-content\/uploads\/2025\/09\/14-768x512.jpg 768w, https:\/\/www.fotoklubostrava.cz\/fo\/wp-content\/uploads\/2025\/09\/14.jpg 1200w\" sizes=\"auto, (max-width: 1024px) 100vw, 1024px\" \/><\/figure>\n\n\n\n<figure class=\"wp-block-image size-large\"><img loading=\"lazy\" decoding=\"async\" width=\"750\" height=\"1000\" data-id=\"1052\" src=\"https:\/\/www.fotoklubostrava.cz\/fo\/wp-content\/uploads\/2025\/09\/15.jpg\" alt=\"\" class=\"wp-image-1052\" srcset=\"https:\/\/www.fotoklubostrava.cz\/fo\/wp-content\/uploads\/2025\/09\/15.jpg 750w, https:\/\/www.fotoklubostrava.cz\/fo\/wp-content\/uploads\/2025\/09\/15-225x300.jpg 225w\" sizes=\"auto, (max-width: 750px) 100vw, 750px\" \/><\/figure>\n\n\n\n<figure class=\"wp-block-image size-large\"><img loading=\"lazy\" decoding=\"async\" width=\"750\" height=\"1000\" data-id=\"1048\" src=\"https:\/\/www.fotoklubostrava.cz\/fo\/wp-content\/uploads\/2025\/09\/16.jpg\" alt=\"\" class=\"wp-image-1048\" srcset=\"https:\/\/www.fotoklubostrava.cz\/fo\/wp-content\/uploads\/2025\/09\/16.jpg 750w, https:\/\/www.fotoklubostrava.cz\/fo\/wp-content\/uploads\/2025\/09\/16-225x300.jpg 225w\" sizes=\"auto, (max-width: 750px) 100vw, 750px\" \/><\/figure>\n\n\n\n<figure class=\"wp-block-image size-large\"><img loading=\"lazy\" decoding=\"async\" width=\"1024\" height=\"683\" data-id=\"1044\" src=\"https:\/\/www.fotoklubostrava.cz\/fo\/wp-content\/uploads\/2025\/09\/17-1024x683.jpg\" alt=\"\" class=\"wp-image-1044\" srcset=\"https:\/\/www.fotoklubostrava.cz\/fo\/wp-content\/uploads\/2025\/09\/17-1024x683.jpg 1024w, https:\/\/www.fotoklubostrava.cz\/fo\/wp-content\/uploads\/2025\/09\/17-300x200.jpg 300w, https:\/\/www.fotoklubostrava.cz\/fo\/wp-content\/uploads\/2025\/09\/17-768x512.jpg 768w, https:\/\/www.fotoklubostrava.cz\/fo\/wp-content\/uploads\/2025\/09\/17.jpg 1200w\" sizes=\"auto, (max-width: 1024px) 100vw, 1024px\" \/><\/figure>\n<\/figure>\n\n\n\n<p><\/p>\n","protected":false},"excerpt":{"rendered":"<p>V \u00fater\u00fd 9. z\u00e1\u0159\u00ed byla ve v\u00fdtvarn\u00e9m centru Chagall zah\u00e1jena v\u00fdstava fotografi\u00ed na\u0161eho \u010dlena Franti\u0161ka Havl\u00ed\u010dka. V\u00fdstavu m\u016f\u017eete nav\u0161t\u00edvit do 31.12.2025. Atmosf\u00e9ru na vernis\u00e1\u017ei p\u0159in\u00e1\u0161\u00edme na fotografi\u00edch n\u00ed\u017ee.<\/p>\n","protected":false},"author":1,"featured_media":0,"comment_status":"closed","ping_status":"closed","sticky":false,"template":"","format":"standard","meta":{"footnotes":""},"categories":[5],"tags":[],"class_list":["post-1037","post","type-post","status-publish","format-standard","hentry","category-aktuality"],"_links":{"self":[{"href":"https:\/\/www.fotoklubostrava.cz\/fo\/wp-json\/wp\/v2\/posts\/1037","targetHints":{"allow":["GET"]}}],"collection":[{"href":"https:\/\/www.fotoklubostrava.cz\/fo\/wp-json\/wp\/v2\/posts"}],"about":[{"href":"https:\/\/www.fotoklubostrava.cz\/fo\/wp-json\/wp\/v2\/types\/post"}],"author":[{"embeddable":true,"href":"https:\/\/www.fotoklubostrava.cz\/fo\/wp-json\/wp\/v2\/users\/1"}],"replies":[{"embeddable":true,"href":"https:\/\/www.fotoklubostrava.cz\/fo\/wp-json\/wp\/v2\/comments?post=1037"}],"version-history":[{"count":1,"href":"https:\/\/www.fotoklubostrava.cz\/fo\/wp-json\/wp\/v2\/posts\/1037\/revisions"}],"predecessor-version":[{"id":1055,"href":"https:\/\/www.fotoklubostrava.cz\/fo\/wp-json\/wp\/v2\/posts\/1037\/revisions\/1055"}],"wp:attachment":[{"href":"https:\/\/www.fotoklubostrava.cz\/fo\/wp-json\/wp\/v2\/media?parent=1037"}],"wp:term":[{"taxonomy":"category","embeddable":true,"href":"https:\/\/www.fotoklubostrava.cz\/fo\/wp-json\/wp\/v2\/categories?post=1037"},{"taxonomy":"post_tag","embeddable":true,"href":"https:\/\/www.fotoklubostrava.cz\/fo\/wp-json\/wp\/v2\/tags?post=1037"}],"curies":[{"name":"wp","href":"https:\/\/api.w.org\/{rel}","templated":true}]}}