{"id":1028,"date":"2025-09-01T20:20:13","date_gmt":"2025-09-01T18:20:13","guid":{"rendered":"https:\/\/www.fotoklubostrava.cz\/fo\/?p=1028"},"modified":"2025-09-01T20:29:00","modified_gmt":"2025-09-01T18:29:00","slug":"po-proudu-odry-vystava-fotografii","status":"publish","type":"post","link":"https:\/\/www.fotoklubostrava.cz\/fo\/2025\/09\/01\/po-proudu-odry-vystava-fotografii\/","title":{"rendered":"Po proudu Odry &#8211; v\u00fdstava fotografi\u00ed"},"content":{"rendered":"\n<p>Franti\u0161ek Havl\u00ed\u010dek, \u010dlen Fotoklubu Ostrava, V\u00e1s zve do V\u00fdtvarn\u00e9ho centra Chagall na v\u00fdstavu krajinn\u00fdch fotografi\u00ed \u201ePo proudu Odry\u201c.<\/p>\n\n\n\n<p>M\u00edsto kon\u00e1n\u00ed: Galerie \u010desk\u00e9 fotografie, V\u00fdtvarn\u00e9 centrum Chagall.<br>Vernis\u00e1\u017e prob\u011bhne v \u00fater\u00fd 9. z\u00e1\u0159\u00ed 2025 v 17. 00 hodin.<br>K v\u00fdstav\u011b promluv\u00ed autor a Petr Pavli\u0148\u00e1k.<br>V\u00fdstava potrv\u00e1 od 9. 9. do 31. 12. 2025.<\/p>\n\n\n\n<figure class=\"wp-block-image size-large\"><img loading=\"lazy\" decoding=\"async\" width=\"1024\" height=\"683\" src=\"https:\/\/www.fotoklubostrava.cz\/fo\/wp-content\/uploads\/2025\/09\/image-2-1024x683.png\" alt=\"\" class=\"wp-image-1034\" srcset=\"https:\/\/www.fotoklubostrava.cz\/fo\/wp-content\/uploads\/2025\/09\/image-2-1024x683.png 1024w, https:\/\/www.fotoklubostrava.cz\/fo\/wp-content\/uploads\/2025\/09\/image-2-300x200.png 300w, https:\/\/www.fotoklubostrava.cz\/fo\/wp-content\/uploads\/2025\/09\/image-2-768x512.png 768w, https:\/\/www.fotoklubostrava.cz\/fo\/wp-content\/uploads\/2025\/09\/image-2.png 1325w\" sizes=\"auto, (max-width: 1024px) 100vw, 1024px\" \/><\/figure>\n\n\n\n<figure class=\"wp-block-image size-large\"><img loading=\"lazy\" decoding=\"async\" width=\"1024\" height=\"417\" src=\"https:\/\/www.fotoklubostrava.cz\/fo\/wp-content\/uploads\/2025\/09\/image-3-1024x417.png\" alt=\"\" class=\"wp-image-1035\" srcset=\"https:\/\/www.fotoklubostrava.cz\/fo\/wp-content\/uploads\/2025\/09\/image-3-1024x417.png 1024w, https:\/\/www.fotoklubostrava.cz\/fo\/wp-content\/uploads\/2025\/09\/image-3-300x122.png 300w, https:\/\/www.fotoklubostrava.cz\/fo\/wp-content\/uploads\/2025\/09\/image-3-768x313.png 768w, https:\/\/www.fotoklubostrava.cz\/fo\/wp-content\/uploads\/2025\/09\/image-3.png 1374w\" sizes=\"auto, (max-width: 1024px) 100vw, 1024px\" \/><\/figure>\n","protected":false},"excerpt":{"rendered":"<p>Franti\u0161ek Havl\u00ed\u010dek, \u010dlen Fotoklubu Ostrava, V\u00e1s zve do V\u00fdtvarn\u00e9ho centra Chagall na v\u00fdstavu krajinn\u00fdch fotografi\u00ed \u201ePo proudu Odry\u201c.<\/p>\n","protected":false},"author":1,"featured_media":0,"comment_status":"closed","ping_status":"closed","sticky":false,"template":"","format":"standard","meta":{"footnotes":""},"categories":[5],"tags":[],"class_list":["post-1028","post","type-post","status-publish","format-standard","hentry","category-aktuality"],"_links":{"self":[{"href":"https:\/\/www.fotoklubostrava.cz\/fo\/wp-json\/wp\/v2\/posts\/1028","targetHints":{"allow":["GET"]}}],"collection":[{"href":"https:\/\/www.fotoklubostrava.cz\/fo\/wp-json\/wp\/v2\/posts"}],"about":[{"href":"https:\/\/www.fotoklubostrava.cz\/fo\/wp-json\/wp\/v2\/types\/post"}],"author":[{"embeddable":true,"href":"https:\/\/www.fotoklubostrava.cz\/fo\/wp-json\/wp\/v2\/users\/1"}],"replies":[{"embeddable":true,"href":"https:\/\/www.fotoklubostrava.cz\/fo\/wp-json\/wp\/v2\/comments?post=1028"}],"version-history":[{"count":4,"href":"https:\/\/www.fotoklubostrava.cz\/fo\/wp-json\/wp\/v2\/posts\/1028\/revisions"}],"predecessor-version":[{"id":1036,"href":"https:\/\/www.fotoklubostrava.cz\/fo\/wp-json\/wp\/v2\/posts\/1028\/revisions\/1036"}],"wp:attachment":[{"href":"https:\/\/www.fotoklubostrava.cz\/fo\/wp-json\/wp\/v2\/media?parent=1028"}],"wp:term":[{"taxonomy":"category","embeddable":true,"href":"https:\/\/www.fotoklubostrava.cz\/fo\/wp-json\/wp\/v2\/categories?post=1028"},{"taxonomy":"post_tag","embeddable":true,"href":"https:\/\/www.fotoklubostrava.cz\/fo\/wp-json\/wp\/v2\/tags?post=1028"}],"curies":[{"name":"wp","href":"https:\/\/api.w.org\/{rel}","templated":true}]}}